{"id":6142,"date":"2024-07-02T22:00:14","date_gmt":"2024-07-02T22:00:14","guid":{"rendered":"https:\/\/slavicsoundwalking.com\/umetnost-prilagodjena-ljudima-sa-disabilitetima-panel-diskusija\/"},"modified":"2024-07-02T22:00:14","modified_gmt":"2024-07-02T22:00:14","slug":"umetnost-prilagodjena-ljudima-sa-disabilitetima-panel-diskusija","status":"publish","type":"post","link":"https:\/\/slavicsoundwalking.com\/sr\/umetnost-prilagodjena-ljudima-sa-disabilitetima-panel-diskusija\/","title":{"rendered":"Umetnost prilago\u0111ena ljudima sa disabilitetima \u2013 Panel diskusija"},"content":{"rendered":"<div class=\"xdj266r x11i5rnm xat24cr x1mh8g0r x1vvkbs x126k92a\">\n<div dir=\"auto\"><span class=\"html-span xexx8yu x4uap5 x18d9i69 xkhd6sd x1hl2dhg x16tdsg8 x1vvkbs x3nfvp2 x1j61x8r x1fcty0u xdj266r xat24cr xgzva0m xhhsvwb xxymvpz xlup9mm x1kky2od\"><img decoding=\"async\" class=\"xz74otr\" src=\"https:\/\/static.xx.fbcdn.net\/images\/emoji.php\/v9\/t9a\/2\/16\/1f5e3.png\" alt=\"\ud83d\udde3\ufe0f\" width=\"16\" height=\"16\" \/><\/span>U sredu, 3.jula od 20 h u Hartefakt Ku\u0107i organizujemo panel \u201cUmetnost prilago\u0111ena ljudima sa disabilitetima\u201d. Za vikend smo lansirali mobilnu aplikaciju Slavic Soundwalking koja osim iskustva slu\u0161anja pri\u010da na \u010detiri jezika, nudi opciju i na znakovnom jeziku \u010dime se omogu\u0107ava pristupa\u010dnost gluvim i nagluvim korisnicima_ama.<\/div>\n<\/div>\n<div class=\"x11i5rnm xat24cr x1mh8g0r x1vvkbs xtlvy1s x126k92a\">\n<div dir=\"auto\">O pomacima u pogledu prilago\u0111avanja umetnosti ljudima sa razli\u010ditim oblicima disabiliteta, o tome koliko su individualne inicijative sna\u017ene da naprave strukturalnu promenu za zajednicu, da li je inkluzivnost tek dru\u0161tveni trend i za\u0161to je samo 1 do 2% celokupnog medijskog sadr\u017eaja prevedeno na znakovni jezik razgovaraju:<\/div>\n<\/div>\n<div class=\"x11i5rnm xat24cr x1mh8g0r x1vvkbs xtlvy1s x126k92a\">\n<div dir=\"auto\"><span class=\"html-span xexx8yu x4uap5 x18d9i69 xkhd6sd x1hl2dhg x16tdsg8 x1vvkbs x3nfvp2 x1j61x8r x1fcty0u xdj266r xat24cr xgzva0m xhhsvwb xxymvpz xlup9mm x1kky2od\"><img decoding=\"async\" class=\"xz74otr\" src=\"https:\/\/static.xx.fbcdn.net\/images\/emoji.php\/v9\/t11\/2\/16\/1f538.png\" alt=\"\ud83d\udd38\" width=\"16\" height=\"16\" \/><\/span> Boris Don\u010di\u0107, urednik studija za snimanje audio knjiga u Biblioteci Saveza slepih Srbije i koosniva\u010d udru\u017eenja \u201eDigitas24\u201c \u2013 dru\u0161tva za digitalnu pristupa\u010dnost<\/div>\n<\/div>\n<div class=\"x11i5rnm xat24cr x1mh8g0r x1vvkbs xtlvy1s x126k92a\">\n<div dir=\"auto\"><span class=\"html-span xexx8yu x4uap5 x18d9i69 xkhd6sd x1hl2dhg x16tdsg8 x1vvkbs x3nfvp2 x1j61x8r x1fcty0u xdj266r xat24cr xgzva0m xhhsvwb xxymvpz xlup9mm x1kky2od\"><img decoding=\"async\" class=\"xz74otr\" src=\"https:\/\/static.xx.fbcdn.net\/images\/emoji.php\/v9\/t11\/2\/16\/1f538.png\" alt=\"\ud83d\udd38\" width=\"16\" height=\"16\" \/><\/span> Vojin Peri\u0107, direktor Kazali\u0161ta slijepih i slabovidnih \u201eNovi \u017eivot\u201c iz Zagreba<\/div>\n<\/div>\n<div class=\"x11i5rnm xat24cr x1mh8g0r x1vvkbs xtlvy1s x126k92a\">\n<div dir=\"auto\"><span class=\"html-span xexx8yu x4uap5 x18d9i69 xkhd6sd x1hl2dhg x16tdsg8 x1vvkbs x3nfvp2 x1j61x8r x1fcty0u xdj266r xat24cr xgzva0m xhhsvwb xxymvpz xlup9mm x1kky2od\"><img decoding=\"async\" class=\"xz74otr\" src=\"https:\/\/static.xx.fbcdn.net\/images\/emoji.php\/v9\/t11\/2\/16\/1f538.png\" alt=\"\ud83d\udd38\" width=\"16\" height=\"16\" \/><\/span> Stojan Simi\u0107, plesa\u010d savremenog plesa, koreograf i edukator (simultano prevodi Vera Jovanovi\u0107, predsednica Asocijacije tuma\u010da srpskog znakovnog jezika i prevoditeljka na znakovni jezik)<\/div>\n<\/div>\n<div class=\"x11i5rnm xat24cr x1mh8g0r x1vvkbs xtlvy1s x126k92a\">\n<div dir=\"auto\">Razgovor \u0107e moderirati pozori\u0161na rediteljka Tara Mani\u0107 \u010diji je doktorski umetni\u010dki projekat podrazumevao istra\u017eivanje percepcije i zami\u0161ljanja dramske literature od strane slepih i slabovidih ljudi. Panelu je, osim u\u017eivo u Hartefakt Ku\u0107i, mogu\u0107e \u201cprisustvovati\u201d i onlajn putem lajvstrima na dru\u0161tvenim mre\u017eama.<\/div>\n<\/div>\n<div class=\"x11i5rnm xat24cr x1mh8g0r x1vvkbs xtlvy1s x126k92a\">\n<div dir=\"auto\">Panel se organizuje u sklopu projekta Slavic Soundwalking koji sufinansira Evropska Unija kroz program Kreativna Evropa.<span class=\"html-span xexx8yu x4uap5 x18d9i69 xkhd6sd x1hl2dhg x16tdsg8 x1vvkbs x3nfvp2 x1j61x8r x1fcty0u xdj266r xat24cr xgzva0m xhhsvwb xxymvpz xlup9mm x1kky2od\"><img decoding=\"async\" class=\"xz74otr\" src=\"https:\/\/static.xx.fbcdn.net\/images\/emoji.php\/v9\/t3c\/2\/16\/1f1ea_1f1fa.png\" alt=\"\ud83c\uddea\ud83c\uddfa\" width=\"16\" height=\"16\" \/><\/span><\/div>\n<\/div>\n<div class=\"x11i5rnm xat24cr x1mh8g0r x1vvkbs xtlvy1s x126k92a\">\n<div dir=\"auto\">Vidimo se u Ku\u0107i!<\/div>\n<\/div>\n","protected":false},"excerpt":{"rendered":"<p>Pridru\u017eite nam se u sredu, 3. jula u 20 \u010dasova u Hartefakt Ku\u0107i na panel diskusiji &#8220;Umetnost prilago\u0111ena ljudima sa disabilitetima.&#8221; Na doga\u0111aju \u0107e stru\u010dnjaci i umetnici razgovarati o pristupa\u010dnosti umetnosti, uklju\u010duju\u0107i mobilnu aplikaciju Slavic Soundwalking, koja nudi pri\u010de na vi\u0161e jezika, uklju\u010duju\u0107i i znakovni jezik, \u010dime se umetnost \u010dini inkluzivnijom za gluve i nagluve korisnike.<\/p>\n","protected":false},"author":3,"featured_media":5800,"comment_status":"closed","ping_status":"closed","sticky":false,"template":"","format":"standard","meta":{"_acf_changed":false,"footnotes":""},"categories":[11],"tags":[],"class_list":["post-6142","post","type-post","status-publish","format-standard","has-post-thumbnail","hentry","category-uncategorized-sr"],"acf":[],"aioseo_notices":[],"_links":{"self":[{"href":"https:\/\/slavicsoundwalking.com\/sr\/wp-json\/wp\/v2\/posts\/6142","targetHints":{"allow":["GET"]}}],"collection":[{"href":"https:\/\/slavicsoundwalking.com\/sr\/wp-json\/wp\/v2\/posts"}],"about":[{"href":"https:\/\/slavicsoundwalking.com\/sr\/wp-json\/wp\/v2\/types\/post"}],"author":[{"embeddable":true,"href":"https:\/\/slavicsoundwalking.com\/sr\/wp-json\/wp\/v2\/users\/3"}],"replies":[{"embeddable":true,"href":"https:\/\/slavicsoundwalking.com\/sr\/wp-json\/wp\/v2\/comments?post=6142"}],"version-history":[{"count":0,"href":"https:\/\/slavicsoundwalking.com\/sr\/wp-json\/wp\/v2\/posts\/6142\/revisions"}],"wp:featuredmedia":[{"embeddable":true,"href":"https:\/\/slavicsoundwalking.com\/sr\/wp-json\/wp\/v2\/media\/5800"}],"wp:attachment":[{"href":"https:\/\/slavicsoundwalking.com\/sr\/wp-json\/wp\/v2\/media?parent=6142"}],"wp:term":[{"taxonomy":"category","embeddable":true,"href":"https:\/\/slavicsoundwalking.com\/sr\/wp-json\/wp\/v2\/categories?post=6142"},{"taxonomy":"post_tag","embeddable":true,"href":"https:\/\/slavicsoundwalking.com\/sr\/wp-json\/wp\/v2\/tags?post=6142"}],"curies":[{"name":"wp","href":"https:\/\/api.w.org\/{rel}","templated":true}]}}