{"id":5673,"date":"2024-06-01T19:36:44","date_gmt":"2024-06-01T19:36:44","guid":{"rendered":"https:\/\/slavicsoundwalking.com\/?p=5673"},"modified":"2025-01-12T21:16:01","modified_gmt":"2025-01-12T21:16:01","slug":"slavic-soundwalking-u-zagrebu-od-4-do-10-juna-2024","status":"publish","type":"post","link":"https:\/\/slavicsoundwalking.com\/sr\/slavic-soundwalking-u-zagrebu-od-4-do-10-juna-2024\/","title":{"rendered":"Slavic Soundwalking u Zagrebu od 4. do 10. juna 2024."},"content":{"rendered":"<p><strong>Program za promociju Slavic Soundwalking-a u Zagrebu<\/strong><\/p>\n<p><strong>Utorak, 4. jun<\/strong><\/p>\n<p><strong>Predstavljanje mobilne aplikacije Slavic Soundwalking i gostuju\u0107i Pri\u010digin: Mo\u0107 pripovedanja u\u017eivo<\/strong><br \/>\n\ud83d\udccd Centar KNAP, Ivani\u0107gradska ul. 41A, Zagreb<br \/>\n\ud83d\udd52 20:00<br \/>\nPredstavljanje aplikacije koja povezuje knji\u017eevnost i dizajn zvuka, uz u\u017eivo pripovedanje gostuju\u0107ih autora.<\/p>\n<p><strong>Koncert Cry Babies<\/strong><br \/>\n\ud83d\udccd Centar KNAP, dvori\u0161te<br \/>\n\ud83d\udd52 22:00<br \/>\nNastup rok cover benda poznatog po kreativnim obradama i energi\u010dnim nastupima.<\/p>\n<hr \/>\n<p><strong>Sreda, 5. jun<\/strong><\/p>\n<p><strong>Tribina: Koliko se me\u0111usobno \u010ditamo<\/strong><br \/>\n\ud83d\udccd Filozofski fakultet, sala A-302, Ul. Ivana Lu\u010di\u0107a 3<br \/>\n\ud83d\udd52 12:30 &#8211; 14:00<br \/>\nDiskusija o ju\u017enoslovenskoj knji\u017eevnosti i razlozima za nedovoljno me\u0111usobno \u010ditanje.<\/p>\n<p><strong>Radionica kreativnog pisanja: Napi\u0161ite kratku pri\u010du<\/strong><br \/>\n\ud83d\udccd Memorijalni stan Marije Juri\u0107 Zagorke, Dolac 8<br \/>\n\ud83d\udd52 17:00 &#8211; 19:00<br \/>\nPrakti\u010dna radionica za stvaranje i ure\u0111ivanje kratkih pri\u010da pod vo\u0111stvom iskusnog pisca.<\/p>\n<p><strong>Mala tribina: Prijatni razgovori sa Ivanom, Oljom i Sta\u0161om<\/strong><br \/>\n\ud83d\udccd Memorijalni stan Marije Juri\u0107 Zagorke, Dolac 8<br \/>\n\ud83d\udd52 20:00<br \/>\nRazgovor sa tri savremene autorke o njihovom radu, inspiraciji i dru\u0161tvenim temama.<\/p>\n<hr \/>\n<p><strong>\u010cetvrtak, 6. jun<\/strong><\/p>\n<p><strong>Tribina: Pozitivni i negativni aspekti digitalne transformacije u knji\u017eevnosti<\/strong><br \/>\n\ud83d\udccd Ku\u0107a Evrope, Ul. Augusta Cesarca 4-6<br \/>\n\ud83d\udd52 14:00 &#8211; 16:00<br \/>\nDiskusija o prednostima i izazovima digitalizacije u knji\u017eevnosti, uklju\u010duju\u0107i \u010ditanje i slu\u0161anje knjiga.<\/p>\n<p><strong>Radionica zvuka: Moj prvi zvuk<\/strong><br \/>\n\ud83d\udccd HUB385, Ul. Franje Petra\u010di\u0107a 6<br \/>\n\ud83d\udd52 18:00 &#8211; 21:00<br \/>\nUvod u stvaranje i obradu zvuka, uklju\u010duju\u0107i osnove binauralnog slu\u0161anja. Potrebna registracija.<\/p>\n<hr \/>\n<p><strong>Petak, 7. jun<\/strong><\/p>\n<p><strong>Tribina: Inkluzija u kulturi<\/strong><br \/>\n\ud83d\udccd Centar KNAP, FOAJE, Ivani\u0107gradska ul. 41A<br \/>\n\ud83d\udd52 12:00 &#8211; 14:00<br \/>\nDiskusija o pristupa\u010dnosti kulture osobama sa invaliditetom i zna\u010daju inkluzije.<\/p>\n<p><strong>Radionica: Nau\u010dite hrvatski znakovni jezik i kulturu gluvih<\/strong><br \/>\n\ud83d\udccd Centar KNAP, FOAJE<br \/>\n\ud83d\udd52 14:30 &#8211; 15:30<br \/>\nUvod u osnove hrvatskog znakovnog jezika i kulturu zajednice gluvih.<\/p>\n<hr \/>\n<p><strong>Subota, 8. jun<\/strong><\/p>\n<p><strong>Pri\u010daonica: Basne i bajke za decu<\/strong><br \/>\n\ud83d\udccd Centar KNAP<br \/>\n\ud83d\udd52 19:00<br \/>\nInteraktivno pripovedanje pri\u010da za decu kako bi se podstakla ma\u0161ta i ljubav prema \u010ditanju.<\/p>\n<hr \/>\n<p><strong>Nedelja, 9. jun<\/strong><\/p>\n<p><strong>Soundwalking: Knji\u017eevna zvu\u010dna \u0161etnja<\/strong><br \/>\n\ud83d\udccd Centar grada Zagreba<br \/>\n\ud83d\udd52 11:00<br \/>\nVo\u0111ena \u0161etnja gradskim lokacijama uz otklju\u010davanje audio pri\u010da putem mobilne aplikacije. Potrebna registracija.<\/p>\n","protected":false},"excerpt":{"rendered":"<p>Slavic Soundwalking odr\u017ea\u0107e se u Beogradu od 4. do 10. juna 2024. godine, uz bogat program koji spaja knji\u017eevnost i dizajn zvuka. Pridru\u017eite nam se na tribinama, radionicama, pripovedanju i zvu\u010dnim \u0161etnjama<\/p>\n","protected":false},"author":3,"featured_media":5660,"comment_status":"closed","ping_status":"closed","sticky":false,"template":"","format":"standard","meta":{"_acf_changed":false,"footnotes":""},"categories":[11],"tags":[],"class_list":["post-5673","post","type-post","status-publish","format-standard","has-post-thumbnail","hentry","category-uncategorized-sr"],"acf":[],"aioseo_notices":[],"_links":{"self":[{"href":"https:\/\/slavicsoundwalking.com\/sr\/wp-json\/wp\/v2\/posts\/5673","targetHints":{"allow":["GET"]}}],"collection":[{"href":"https:\/\/slavicsoundwalking.com\/sr\/wp-json\/wp\/v2\/posts"}],"about":[{"href":"https:\/\/slavicsoundwalking.com\/sr\/wp-json\/wp\/v2\/types\/post"}],"author":[{"embeddable":true,"href":"https:\/\/slavicsoundwalking.com\/sr\/wp-json\/wp\/v2\/users\/3"}],"replies":[{"embeddable":true,"href":"https:\/\/slavicsoundwalking.com\/sr\/wp-json\/wp\/v2\/comments?post=5673"}],"version-history":[{"count":1,"href":"https:\/\/slavicsoundwalking.com\/sr\/wp-json\/wp\/v2\/posts\/5673\/revisions"}],"predecessor-version":[{"id":5675,"href":"https:\/\/slavicsoundwalking.com\/sr\/wp-json\/wp\/v2\/posts\/5673\/revisions\/5675"}],"wp:featuredmedia":[{"embeddable":true,"href":"https:\/\/slavicsoundwalking.com\/sr\/wp-json\/wp\/v2\/media\/5660"}],"wp:attachment":[{"href":"https:\/\/slavicsoundwalking.com\/sr\/wp-json\/wp\/v2\/media?parent=5673"}],"wp:term":[{"taxonomy":"category","embeddable":true,"href":"https:\/\/slavicsoundwalking.com\/sr\/wp-json\/wp\/v2\/categories?post=5673"},{"taxonomy":"post_tag","embeddable":true,"href":"https:\/\/slavicsoundwalking.com\/sr\/wp-json\/wp\/v2\/tags?post=5673"}],"curies":[{"name":"wp","href":"https:\/\/api.w.org\/{rel}","templated":true}]}}