{"id":2209,"date":"2023-12-08T06:50:05","date_gmt":"2023-12-08T06:50:05","guid":{"rendered":"https:\/\/slavicsoundwalking.com\/welcome-to-a-talk-about-new-media-literature-and-vulnerable-groups-that-will-take-place-on-wednesday-the-13th-on-december-at-17th-clocks-in-city-hall-in-ljubljana-2\/"},"modified":"2024-03-28T20:24:56","modified_gmt":"2024-03-28T20:24:56","slug":"welcome-to-a-talk-about-new-media-literature-and-vulnerable-groups-that-will-take-place-on-wednesday-the-13th-of-december-at-5pm-in-city-hall-in-ljubljana","status":"publish","type":"post","link":"https:\/\/slavicsoundwalking.com\/sl\/welcome-to-a-talk-about-new-media-literature-and-vulnerable-groups-that-will-take-place-on-wednesday-the-13th-of-december-at-5pm-in-city-hall-in-ljubljana\/","title":{"rendered":"Vabljeni na pogovor o novih medijih, knji\u017eevnosti in ranljivih skupinah, ki bo potekal v sredo, 13. decembra ob 17. uri v Mestni hi\u0161i v Ljubljani."},"content":{"rendered":"<p><strong>Ali se dostopnost medijskih vsebin za te skupine izbolj\u0161uje ali ostajajo izklju\u010dene in marginalizirane?<\/strong><\/p>\n<p>Razpravljali bomo o izzivih, s katerimi se soo\u010dajo ranljive skupine v \u010dasu hitrega razvoja novih digitalnih medijev, spletnih in mobilnih aplikacij ter umetne inteligence. Ali se dostopnost medijskih vsebin za te skupine izbolj\u0161uje ali pa ostajajo izklju\u010dene in marginalizirane? Osredoto\u010dili se bomo na situacijo gluhih in naglu\u0161nih v Sloveniji in sosednji Hrva\u0161ki, njihove kulturne potrebe in dostopnost literature in medijev. Poleg tega bomo obravnavali tudi polo\u017eaj drugih ranljivih, manj\u0161inskih in marginaliziranih skupin ter vpra\u0161ali, kaj je mogo\u010de storiti za izbolj\u0161anje dostopnosti kulturnih vsebin za ranljive skupine. Predstavili bomo primer dobre prakse vklju\u010devanja ranljivih skupin, zlasti gluhih in naglu\u0161nih, v mednarodni projekt Slovanski zvo\u010dni sprehod, ki ga sofinancira Evropska unija v okviru programa Ustvarjalna Evropa. Zahvaljujo\u010d programu Ustvarjalna Evropa in Ministrstvu za kulturo Republike Slovenije, ki prepoznava pomen vklju\u010devanja razli\u010dnih skupin v medijski prostor in zagotavljanje raznolikosti ter dostopnosti kulturnih vsebin v mednarodnem kontekstu, bo vseh 75 avtorskih kratkih zgodb projekta prevedenih tudi v slovenski znakovni jezik. To bo mobilno aplikacijo naredilo dostopno za gluhe in naglu\u0161ne prebivalce ter obiskovalce Ljubljane.<\/p>\n","protected":false},"excerpt":{"rendered":"<p>Ali se dostopnost medijskih vsebin za te skupine izbolj\u0161uje ali ostajajo izklju\u010dene in marginalizirane?<\/p>\n","protected":false},"author":1,"featured_media":2079,"comment_status":"closed","ping_status":"closed","sticky":false,"template":"","format":"standard","meta":{"_acf_changed":false,"footnotes":""},"categories":[12],"tags":[],"class_list":["post-2209","post","type-post","status-publish","format-standard","has-post-thumbnail","hentry","category-uncategorized-sl"],"acf":[],"aioseo_notices":[],"_links":{"self":[{"href":"https:\/\/slavicsoundwalking.com\/sl\/wp-json\/wp\/v2\/posts\/2209","targetHints":{"allow":["GET"]}}],"collection":[{"href":"https:\/\/slavicsoundwalking.com\/sl\/wp-json\/wp\/v2\/posts"}],"about":[{"href":"https:\/\/slavicsoundwalking.com\/sl\/wp-json\/wp\/v2\/types\/post"}],"author":[{"embeddable":true,"href":"https:\/\/slavicsoundwalking.com\/sl\/wp-json\/wp\/v2\/users\/1"}],"replies":[{"embeddable":true,"href":"https:\/\/slavicsoundwalking.com\/sl\/wp-json\/wp\/v2\/comments?post=2209"}],"version-history":[{"count":0,"href":"https:\/\/slavicsoundwalking.com\/sl\/wp-json\/wp\/v2\/posts\/2209\/revisions"}],"wp:featuredmedia":[{"embeddable":true,"href":"https:\/\/slavicsoundwalking.com\/sl\/wp-json\/wp\/v2\/media\/2079"}],"wp:attachment":[{"href":"https:\/\/slavicsoundwalking.com\/sl\/wp-json\/wp\/v2\/media?parent=2209"}],"wp:term":[{"taxonomy":"category","embeddable":true,"href":"https:\/\/slavicsoundwalking.com\/sl\/wp-json\/wp\/v2\/categories?post=2209"},{"taxonomy":"post_tag","embeddable":true,"href":"https:\/\/slavicsoundwalking.com\/sl\/wp-json\/wp\/v2\/tags?post=2209"}],"curies":[{"name":"wp","href":"https:\/\/api.w.org\/{rel}","templated":true}]}}