{"id":6257,"date":"2024-10-11T14:17:31","date_gmt":"2024-10-11T14:17:31","guid":{"rendered":"https:\/\/slavicsoundwalking.com\/knjizevni-glasovi-prica-i-poezije-vecer-u-skuc-u\/"},"modified":"2024-10-11T14:17:31","modified_gmt":"2024-10-11T14:17:31","slug":"knjizevni-glasovi-prica-i-poezije-vecer-u-skuc-u","status":"publish","type":"post","link":"https:\/\/slavicsoundwalking.com\/hr\/knjizevni-glasovi-prica-i-poezije-vecer-u-skuc-u\/","title":{"rendered":"Knji\u017eevni glasovi pri\u010da i poezije \u2013 ve\u010der u \u0160KUC-u"},"content":{"rendered":"<p>U srijedu, 11. listopada, okupili smo se u ugodnom ambijentu \u0160KUC-a na jedinstvenoj ve\u010deri knji\u017eevnosti, zvuka i pripovijedanja, gdje su se ispreplitale pri\u010de, poezija i glasovi autora iz regije. Doga\u0111aj je bio dio projekta <strong>Slavic Soundwalking<\/strong>, koji povezuje knji\u017eevne stvaratelje iz Slovenije, Hrvatske i Srbije.<\/p>\n<p>Ve\u010der je zapo\u010dela knji\u017eevnim interpretacijama pri\u010da koje su predstavili istaknuti autori: <strong>Aleksandra Orli\u0107<\/strong> i <strong>Suzana Mati\u0107<\/strong> iz Zagreba, <strong>Mirjana Narand\u017ei\u0107<\/strong>, <strong>Patrik Lazi\u0107<\/strong> i <strong>Aleksa Krsti\u0107<\/strong> iz Beograda te <strong>Arjan Pregl<\/strong> i <strong>Veronika Simoniti<\/strong> iz Ljubljane. Njihove su pri\u010de publiku povele na putovanje kroz raznolike krajolike i emocije, dok su glasovi naratora dodali novu dimenziju njihovim djelima.<\/p>\n<p>Razgovor i pripovijedanje dvojezi\u010dno su vodile <strong>Suzana Tratnik<\/strong> i <strong>Biljana \u017diki\u0107<\/strong>, koje su s lako\u0107om i toplinom publiku provele kroz ve\u010der. Razgovor o prepletu glasova pri\u010da i interpretacija pru\u017eio je uvid u kreativne procese i razmi\u0161ljanja autora, \u0161to je doga\u0111aj u\u010dinilo jo\u0161 posebnijim.<\/p>\n<p>Ve\u010der je zavr\u0161ila opu\u0161tenim dru\u017eenjem, gdje su gosti imali priliku razmijeniti misli s autorima i kreatorima projekta uz ukusnu hranu i pi\u0107e. Atmosfera je bila ispunjena inspiracijom, ponovno pokazuju\u0107i mo\u0107 knji\u017eevnosti da povezuje ljude i otvara vrata prema novim svjetovima.<\/p>\n<p>Ve\u010der u \u0160KUC-u pokazala je raznolikosti knji\u017eevne ba\u0161tine slavenskog prostora.<\/p>\n","protected":false},"excerpt":{"rendered":"<p>Knji\u017eevna ve\u010der u \u0160KUC-u, odr\u017eana 11. listopada, okupila je autore i autorice iz Slovenije, Hrvatske i Srbije, prikazuju\u0107i bogatstvo slavenskog pripovijedanja kroz \u010ditanja, rasprave i osobne uvide. Doga\u0111aj, dio projekta Slavic Soundwalking, istaknuo je transformativnu mo\u0107 knji\u017eevnosti u povezivanju ljudi i otvaranju novih perspektiva.<\/p>\n","protected":false},"author":3,"featured_media":6238,"comment_status":"closed","ping_status":"closed","sticky":false,"template":"","format":"standard","meta":{"_acf_changed":false,"footnotes":""},"categories":[3],"tags":[],"class_list":["post-6257","post","type-post","status-publish","format-standard","has-post-thumbnail","hentry","category-uncategorized-hr"],"acf":[],"aioseo_notices":[],"_links":{"self":[{"href":"https:\/\/slavicsoundwalking.com\/hr\/wp-json\/wp\/v2\/posts\/6257","targetHints":{"allow":["GET"]}}],"collection":[{"href":"https:\/\/slavicsoundwalking.com\/hr\/wp-json\/wp\/v2\/posts"}],"about":[{"href":"https:\/\/slavicsoundwalking.com\/hr\/wp-json\/wp\/v2\/types\/post"}],"author":[{"embeddable":true,"href":"https:\/\/slavicsoundwalking.com\/hr\/wp-json\/wp\/v2\/users\/3"}],"replies":[{"embeddable":true,"href":"https:\/\/slavicsoundwalking.com\/hr\/wp-json\/wp\/v2\/comments?post=6257"}],"version-history":[{"count":0,"href":"https:\/\/slavicsoundwalking.com\/hr\/wp-json\/wp\/v2\/posts\/6257\/revisions"}],"wp:featuredmedia":[{"embeddable":true,"href":"https:\/\/slavicsoundwalking.com\/hr\/wp-json\/wp\/v2\/media\/6238"}],"wp:attachment":[{"href":"https:\/\/slavicsoundwalking.com\/hr\/wp-json\/wp\/v2\/media?parent=6257"}],"wp:term":[{"taxonomy":"category","embeddable":true,"href":"https:\/\/slavicsoundwalking.com\/hr\/wp-json\/wp\/v2\/categories?post=6257"},{"taxonomy":"post_tag","embeddable":true,"href":"https:\/\/slavicsoundwalking.com\/hr\/wp-json\/wp\/v2\/tags?post=6257"}],"curies":[{"name":"wp","href":"https:\/\/api.w.org\/{rel}","templated":true}]}}