{"id":5664,"date":"2024-06-01T19:36:44","date_gmt":"2024-06-01T19:36:44","guid":{"rendered":"https:\/\/slavicsoundwalking.com\/?p=5664"},"modified":"2025-01-12T19:12:32","modified_gmt":"2025-01-12T19:12:32","slug":"slavic-soundwalking-u-zagrebu-od-4-do-10-lipnja","status":"publish","type":"post","link":"https:\/\/slavicsoundwalking.com\/hr\/slavic-soundwalking-u-zagrebu-od-4-do-10-lipnja\/","title":{"rendered":"Slavic Soundwalking u Zagrebu od 4. do 10. lipnja"},"content":{"rendered":"<p><strong>Program za promociju Slavic Soundwalkinga u Zagrebu<\/strong><\/p>\n<h4><b>Utorak, 4. lipnja<\/b><\/h4>\n<p><b>Predstavljanje mobilne aplikacije Slavic Soundwalking i Pri\u010digin u gostima: Mo\u0107 pripovijedanja u\u017eivo<\/b><b><br \/>\n<\/b><span style=\"font-weight: 400;\">\ud83d\udccd Centar KNAP, Ivani\u0107gradska ul. 41A, Zagreb<\/span><span style=\"font-weight: 400;\"><br \/>\n<\/span><span style=\"font-weight: 400;\">\ud83d\udd52 20:00<\/span><span style=\"font-weight: 400;\"><br \/>\n<\/span><span style=\"font-weight: 400;\">Predstavljanje aplikacije koja povezuje knji\u017eevnost i zvu\u010dni dizajn. Uz to, u\u017eivo pripovijedanje pri\u010da gostuju\u0107ih autora.<\/span><\/p>\n<p><b>Koncert Cry Babies<\/b><b><br \/>\n<\/b><span style=\"font-weight: 400;\">\ud83d\udccd Centar KNAP, dvori\u0161te<\/span><span style=\"font-weight: 400;\"><br \/>\n<\/span><span style=\"font-weight: 400;\">\ud83d\udd52 22:00<\/span><span style=\"font-weight: 400;\"><br \/>\n<\/span><span style=\"font-weight: 400;\">Nastup rock cover benda poznatog po kreativnim obradama i energi\u010dnim nastupima.<\/span><\/p>\n<h4><b>Srijeda, 5. lipnja<\/b><\/h4>\n<p><b>Tribina: Koliko se me\u0111usobno \u010ditamo<\/b><b><br \/>\n<\/b><span style=\"font-weight: 400;\">\ud83d\udccd Filozofski fakultet, dvorana A-302, Ul. Ivana Lu\u010di\u0107a 3<\/span><span style=\"font-weight: 400;\"><br \/>\n<\/span><span style=\"font-weight: 400;\">\ud83d\udd52 12:30 &#8211; 14:00<\/span><span style=\"font-weight: 400;\"><br \/>\n<\/span><span style=\"font-weight: 400;\">Razgovor o ju\u017enoslavenskoj knji\u017eevnosti i razlozima nedovoljnog me\u0111usobnog \u010ditanja.<\/span><\/p>\n<p><b>Radionica kreativnog pisanja: Napi\u0161ite kratku pri\u010du<\/b><b><br \/>\n<\/b><span style=\"font-weight: 400;\">\ud83d\udccd Memorijalni stan Marije Juri\u0107 Zagorke, Dolac 8<\/span><span style=\"font-weight: 400;\"><br \/>\n<\/span><span style=\"font-weight: 400;\">\ud83d\udd52 17:00 &#8211; 19:00<\/span><span style=\"font-weight: 400;\"><br \/>\n<\/span><span style=\"font-weight: 400;\">Prakti\u010dna radionica za stvaranje i ure\u0111ivanje kratkih pri\u010da pod vodstvom spisateljice.<\/span><\/p>\n<p><b>Mala tribina: Razgovori ugodni s Ivanom, Oljom i Sta\u0161om<\/b><b><br \/>\n<\/b><span style=\"font-weight: 400;\">\ud83d\udccd Memorijalni stan Marije Juri\u0107 Zagorke, Dolac 8<\/span><span style=\"font-weight: 400;\"><br \/>\n<\/span><span style=\"font-weight: 400;\">\ud83d\udd52 20:00<\/span><span style=\"font-weight: 400;\"><br \/>\n<\/span><span style=\"font-weight: 400;\">Razgovor s tri suvremene knji\u017eevnice o njihovom radu, inspiraciji i dru\u0161tvenim temama.<\/span><\/p>\n<h4><b>\u010cetvrtak, 6. lipnja<\/b><\/h4>\n<p><b>Tribina: Pozitivni i negativni elementi digitalne transformacije u podru\u010dju knji\u017eevnosti<\/b><b><br \/>\n<\/b><span style=\"font-weight: 400;\">\ud83d\udccd Ku\u0107a Europe, Ul. Augusta Cesarca 4-6<\/span><span style=\"font-weight: 400;\"><br \/>\n<\/span><span style=\"font-weight: 400;\">\ud83d\udd52 14:00 &#8211; 16:00<\/span><span style=\"font-weight: 400;\"><br \/>\n<\/span><span style=\"font-weight: 400;\">Diskusija o prednostima i izazovima digitalizacije u knji\u017eevnosti, uklju\u010duju\u0107i \u010ditanje i slu\u0161anje knjiga.<\/span><\/p>\n<p><b>Radionica zvuka: Moj prvi zvuk<\/b><b><br \/>\n<\/b><span style=\"font-weight: 400;\">\ud83d\udccd HUB385, Ul. Franje Petra\u010di\u0107a 6<\/span><span style=\"font-weight: 400;\"><br \/>\n<\/span><span style=\"font-weight: 400;\">\ud83d\udd52 18:00 &#8211; 21:00<\/span><span style=\"font-weight: 400;\"><br \/>\n<\/span><span style=\"font-weight: 400;\">Uvod u stvaranje i obradu zvuka te osnove binauralnog slu\u0161anja. Prijava obavezna.<\/span><\/p>\n<h4><b>Petak, 7. lipnja<\/b><\/h4>\n<p><b>Tribina: Inkluzija u kulturi<\/b><b><br \/>\n<\/b><span style=\"font-weight: 400;\">\ud83d\udccd Centar KNAP, FOAJE, Ivani\u0107gradska ul. 41A<\/span><span style=\"font-weight: 400;\"><br \/>\n<\/span><span style=\"font-weight: 400;\">\ud83d\udd52 12:00 &#8211; 14:00<\/span><span style=\"font-weight: 400;\"><br \/>\n<\/span><span style=\"font-weight: 400;\">Razgovor o pristupa\u010dnosti kulture osobama s invaliditetom i va\u017enosti inkluzije.<\/span><\/p>\n<p><b>Radionica: Upoznajte hrvatski znakovni jezik i kulturu gluhih<\/b><b><br \/>\n<\/b><span style=\"font-weight: 400;\">\ud83d\udccd Centar KNAP, FOAJE<\/span><span style=\"font-weight: 400;\"><br \/>\n<\/span><span style=\"font-weight: 400;\">\ud83d\udd52 14:30 &#8211; 15:30<\/span><span style=\"font-weight: 400;\"><br \/>\n<\/span><span style=\"font-weight: 400;\">Upoznavanje s osnovama znakovnog jezika i kulturom zajednice gluhih.<\/span><\/p>\n<h4><b>Subota, 8. lipnja<\/b><\/h4>\n<p><b>Pri\u010daonica: Basne i bajke za djecu<\/b><b><br \/>\n<\/b><span style=\"font-weight: 400;\">\ud83d\udccd Centar KNAP<\/span><span style=\"font-weight: 400;\"><br \/>\n<\/span><span style=\"font-weight: 400;\">\ud83d\udd52 19:00<\/span><span style=\"font-weight: 400;\"><br \/>\n<\/span><span style=\"font-weight: 400;\">Interaktivno pripovijedanje pri\u010da za djecu s ciljem poticanja ma\u0161te i ljubavi prema \u010ditanju.<\/span><\/p>\n<h4><b>Nedjelja, 9. lipnja<\/b><\/h4>\n<p><b>Soundwalking: Knji\u017eevna zvu\u010dna \u0161etnja<\/b><b><br \/>\n<\/b><span style=\"font-weight: 400;\">\ud83d\udccd Centar grada Zagreba<\/span><span style=\"font-weight: 400;\"><br \/>\n<\/span><span style=\"font-weight: 400;\">\ud83d\udd52 11:00<\/span><span style=\"font-weight: 400;\"><br \/>\n<\/span><span style=\"font-weight: 400;\">Vo\u0111ena \u0161etnja gradskim lokacijama s otklju\u010davanjem audio pri\u010da putem mobilne aplikacije. Prijava obavezna.<\/span><\/p>\n<p>&nbsp;<\/p>\n","protected":false},"excerpt":{"rendered":"<p>Slavic Soundwalking odr\u017eat \u0107e se u Zagrebu od 4. do 10. lipnja 2024., uz bogat program koji spaja knji\u017eevnost i zvu\u010dni dizajn. Pridru\u017eite nam se na tribinama, radionicama, pripovijedanju i zvu\u010dnim \u0161etnjama.<\/p>\n","protected":false},"author":3,"featured_media":5659,"comment_status":"closed","ping_status":"closed","sticky":false,"template":"","format":"standard","meta":{"_acf_changed":false,"footnotes":""},"categories":[3],"tags":[],"class_list":["post-5664","post","type-post","status-publish","format-standard","has-post-thumbnail","hentry","category-uncategorized-hr"],"acf":[],"aioseo_notices":[],"_links":{"self":[{"href":"https:\/\/slavicsoundwalking.com\/hr\/wp-json\/wp\/v2\/posts\/5664","targetHints":{"allow":["GET"]}}],"collection":[{"href":"https:\/\/slavicsoundwalking.com\/hr\/wp-json\/wp\/v2\/posts"}],"about":[{"href":"https:\/\/slavicsoundwalking.com\/hr\/wp-json\/wp\/v2\/types\/post"}],"author":[{"embeddable":true,"href":"https:\/\/slavicsoundwalking.com\/hr\/wp-json\/wp\/v2\/users\/3"}],"replies":[{"embeddable":true,"href":"https:\/\/slavicsoundwalking.com\/hr\/wp-json\/wp\/v2\/comments?post=5664"}],"version-history":[{"count":3,"href":"https:\/\/slavicsoundwalking.com\/hr\/wp-json\/wp\/v2\/posts\/5664\/revisions"}],"predecessor-version":[{"id":5672,"href":"https:\/\/slavicsoundwalking.com\/hr\/wp-json\/wp\/v2\/posts\/5664\/revisions\/5672"}],"wp:featuredmedia":[{"embeddable":true,"href":"https:\/\/slavicsoundwalking.com\/hr\/wp-json\/wp\/v2\/media\/5659"}],"wp:attachment":[{"href":"https:\/\/slavicsoundwalking.com\/hr\/wp-json\/wp\/v2\/media?parent=5664"}],"wp:term":[{"taxonomy":"category","embeddable":true,"href":"https:\/\/slavicsoundwalking.com\/hr\/wp-json\/wp\/v2\/categories?post=5664"},{"taxonomy":"post_tag","embeddable":true,"href":"https:\/\/slavicsoundwalking.com\/hr\/wp-json\/wp\/v2\/tags?post=5664"}],"curies":[{"name":"wp","href":"https:\/\/api.w.org\/{rel}","templated":true}]}}